{"id":426,"date":"2023-09-24T06:33:47","date_gmt":"2023-09-24T04:33:47","guid":{"rendered":"http:\/\/retourenoceanie.fr\/?p=426"},"modified":"2023-10-04T07:08:32","modified_gmt":"2023-10-04T05:08:32","slug":"autour-du-lac-burley-griffin","status":"publish","type":"post","link":"https:\/\/retourenoceanie.fr\/index.php\/2023\/09\/24\/autour-du-lac-burley-griffin\/","title":{"rendered":"Autour du lac Burley Griffin"},"content":{"rendered":"<div class=\"wp-block-image\">\n<figure class=\"aligncenter size-full is-resized\"><img loading=\"lazy\" decoding=\"async\" src=\"http:\/\/retourenoceanie.fr\/wp-content\/uploads\/2023\/09\/thumbnail_IMG_0359.jpg\" alt=\"\" class=\"wp-image-427\" style=\"width:339px;height:451px\" width=\"339\" height=\"451\" srcset=\"https:\/\/retourenoceanie.fr\/wp-content\/uploads\/2023\/09\/thumbnail_IMG_0359.jpg 481w, https:\/\/retourenoceanie.fr\/wp-content\/uploads\/2023\/09\/thumbnail_IMG_0359-225x300.jpg 225w\" sizes=\"auto, (max-width: 339px) 100vw, 339px\" \/><\/figure>\n<\/div>\n\n\n<p>Il est central, on peut y faire le tour en v\u00e9lo, \u00e0 pied sans y croiser une voiture; il est bord\u00e9 par les principaux monuments de la ville : le parlement, le mus\u00e9e national, l&rsquo;universit\u00e9 nationale australienne, la galerie nationale&#8230;<\/p>\n\n\n<div class=\"wp-block-image\">\n<figure class=\"aligncenter size-full is-resized\"><img loading=\"lazy\" decoding=\"async\" src=\"http:\/\/retourenoceanie.fr\/wp-content\/uploads\/2023\/09\/Capture-decran-.-2023-09-25-a-20.44.23.png\" alt=\"\" class=\"wp-image-438\" style=\"width:478px;height:487px\" width=\"478\" height=\"487\" srcset=\"https:\/\/retourenoceanie.fr\/wp-content\/uploads\/2023\/09\/Capture-decran-.-2023-09-25-a-20.44.23.png 614w, https:\/\/retourenoceanie.fr\/wp-content\/uploads\/2023\/09\/Capture-decran-.-2023-09-25-a-20.44.23-295x300.png 295w\" sizes=\"auto, (max-width: 478px) 100vw, 478px\" \/><\/figure>\n<\/div>\n\n<div class=\"wp-block-image\">\n<figure class=\"aligncenter size-full is-resized\"><img loading=\"lazy\" decoding=\"async\" src=\"http:\/\/retourenoceanie.fr\/wp-content\/uploads\/2023\/09\/thumbnail_IMG_0346.jpg\" alt=\"\" class=\"wp-image-428\" style=\"width:611px;height:459px\" width=\"611\" height=\"459\" srcset=\"https:\/\/retourenoceanie.fr\/wp-content\/uploads\/2023\/09\/thumbnail_IMG_0346.jpg 640w, https:\/\/retourenoceanie.fr\/wp-content\/uploads\/2023\/09\/thumbnail_IMG_0346-300x225.jpg 300w\" sizes=\"auto, (max-width: 611px) 100vw, 611px\" \/><\/figure>\n<\/div>\n\n\n<p><\/p>\n\n\n<div class=\"wp-block-image\">\n<figure class=\"aligncenter size-full is-resized\"><img loading=\"lazy\" decoding=\"async\" src=\"http:\/\/retourenoceanie.fr\/wp-content\/uploads\/2023\/09\/thumbnail_IMG_0349-rotated.jpg\" alt=\"\" class=\"wp-image-429\" style=\"width:356px;height:475px\" width=\"356\" height=\"475\" srcset=\"https:\/\/retourenoceanie.fr\/wp-content\/uploads\/2023\/09\/thumbnail_IMG_0349-rotated.jpg 480w, https:\/\/retourenoceanie.fr\/wp-content\/uploads\/2023\/09\/thumbnail_IMG_0349-225x300.jpg 225w\" sizes=\"auto, (max-width: 356px) 100vw, 356px\" \/><\/figure>\n<\/div>\n\n\n<p>Situ\u00e9 sur l&rsquo;\u00eele de la Reine Elizabeth II, le carillon national a \u00e9t\u00e9 offert \u00e0 la ville de Canberra en comm\u00e9moration du jubil\u00e9 d&rsquo;or de la fondation de la capitale  par le gouvernement britannique. Avec 57 cloches en bronze, le Carillon National est grand par rapport aux normes mondiales. <\/p>\n\n\n\n<p>Avant il n&rsquo;y avait pas de lac; uniquement une rivi\u00e8re, il a \u00e9t\u00e9 cr\u00e9\u00e9 en 1963; suite \u00e0 la construction d&rsquo;un barrage sur la rivi\u00e8re et de l&rsquo;excavation de plusieurs centaines de milliers de m\u00e8tres cubes de terre.<\/p>\n\n\n\n<figure class=\"wp-block-image size-full\"><img loading=\"lazy\" decoding=\"async\" width=\"640\" height=\"499\" src=\"http:\/\/retourenoceanie.fr\/wp-content\/uploads\/2023\/09\/IMG_0420.jpg\" alt=\"\" class=\"wp-image-437\" srcset=\"https:\/\/retourenoceanie.fr\/wp-content\/uploads\/2023\/09\/IMG_0420.jpg 640w, https:\/\/retourenoceanie.fr\/wp-content\/uploads\/2023\/09\/IMG_0420-300x234.jpg 300w\" sizes=\"auto, (max-width: 640px) 100vw, 640px\" \/><\/figure>\n\n\n\n<p><\/p>\n\n\n\n<figure class=\"wp-block-image size-full\"><img loading=\"lazy\" decoding=\"async\" width=\"640\" height=\"480\" src=\"http:\/\/retourenoceanie.fr\/wp-content\/uploads\/2023\/09\/IMG_0419.jpg\" alt=\"\" class=\"wp-image-436\" srcset=\"https:\/\/retourenoceanie.fr\/wp-content\/uploads\/2023\/09\/IMG_0419.jpg 640w, https:\/\/retourenoceanie.fr\/wp-content\/uploads\/2023\/09\/IMG_0419-300x225.jpg 300w\" sizes=\"auto, (max-width: 640px) 100vw, 640px\" \/><\/figure>\n\n\n\n<p>Le m\u00e9morial du capitaine James Cook se trouve sur les rives  et dans le lac\u00a0! Il comprend un jet d&rsquo;eau et un globe terrestre voisin comm\u00e9morant le bicentenaire du d\u00e9barquement du capitaine Cook sur la c\u00f4te est de l&rsquo;Australie en 1770. Le jet d&rsquo;eau atteint une hauteur de 114 m\u00e8tres.<\/p>\n\n\n\n<figure class=\"wp-block-image size-large\"><img loading=\"lazy\" decoding=\"async\" width=\"1024\" height=\"768\" src=\"https:\/\/retourenoceanie.fr\/wp-content\/uploads\/2023\/10\/Captain_Cook_Memorial_Canberra-1024x768.jpg\" alt=\"\" class=\"wp-image-496\" srcset=\"https:\/\/retourenoceanie.fr\/wp-content\/uploads\/2023\/10\/Captain_Cook_Memorial_Canberra-1024x768.jpg 1024w, https:\/\/retourenoceanie.fr\/wp-content\/uploads\/2023\/10\/Captain_Cook_Memorial_Canberra-300x225.jpg 300w, https:\/\/retourenoceanie.fr\/wp-content\/uploads\/2023\/10\/Captain_Cook_Memorial_Canberra-768x576.jpg 768w, https:\/\/retourenoceanie.fr\/wp-content\/uploads\/2023\/10\/Captain_Cook_Memorial_Canberra.jpg 1200w\" sizes=\"auto, (max-width: 767px) 89vw, (max-width: 1000px) 54vw, (max-width: 1071px) 543px, 580px\" \/><\/figure>\n\n\n\n<p> Le globe en bronze est quadrill\u00e9 par les  m\u00e9ridiens  et les parall\u00e8les  pour former une carte du monde \u00e0 cage ouverte. Des lignes sur le globe illustrent les voyages du capitaine Cook.<\/p>\n\n\n\n<p>Cela nous rappelle aux bons souvenirs de  la Nouvelle Cal\u00e9donie et sa d\u00e9couverte par ce m\u00eame James Cook. Il acosta \u00e0 Balade pas tr\u00e8s loin de Poum ou nous avions v\u00e9cu et o\u00f9 Elie a commenc\u00e9 l&rsquo;\u00e9cole il y a d\u00e9j\u00e0 6 ans!<\/p>\n\n\n<div class=\"wp-block-image\">\n<figure class=\"aligncenter size-full is-resized\"><img loading=\"lazy\" decoding=\"async\" src=\"https:\/\/retourenoceanie.fr\/wp-content\/uploads\/2023\/10\/IMG_5118-rotated.jpg\" alt=\"\" class=\"wp-image-498\" style=\"width:381px;height:508px\" width=\"381\" height=\"508\" srcset=\"https:\/\/retourenoceanie.fr\/wp-content\/uploads\/2023\/10\/IMG_5118-rotated.jpg 480w, https:\/\/retourenoceanie.fr\/wp-content\/uploads\/2023\/10\/IMG_5118-225x300.jpg 225w\" sizes=\"auto, (max-width: 381px) 100vw, 381px\" \/><figcaption class=\"wp-element-caption\">Elie avec Emilie la directrice de l&rsquo;\u00e9cole de Poum<\/figcaption><\/figure>\n<\/div>\n\n\n<p>Depuis le temps a bien pass\u00e9;<\/p>\n\n\n<div class=\"wp-block-image\">\n<figure class=\"aligncenter size-full\"><img loading=\"lazy\" decoding=\"async\" width=\"480\" height=\"640\" src=\"http:\/\/retourenoceanie.fr\/wp-content\/uploads\/2023\/09\/IMG_0341-rotated.jpg\" alt=\"\" class=\"wp-image-433\" srcset=\"https:\/\/retourenoceanie.fr\/wp-content\/uploads\/2023\/09\/IMG_0341-rotated.jpg 480w, https:\/\/retourenoceanie.fr\/wp-content\/uploads\/2023\/09\/IMG_0341-225x300.jpg 225w\" sizes=\"auto, (max-width: 480px) 100vw, 480px\" \/><\/figure>\n<\/div>","protected":false},"excerpt":{"rendered":"<p>Il est central, on peut y faire le tour en v\u00e9lo, \u00e0 pied sans y croiser une voiture; il est bord\u00e9 par les principaux monuments de la ville : le parlement, le mus\u00e9e national, l&rsquo;universit\u00e9 nationale australienne, la galerie nationale&#8230; Situ\u00e9 sur l&rsquo;\u00eele de la Reine Elizabeth II, le carillon national a \u00e9t\u00e9 offert \u00e0 &hellip; <\/p>\n<p class=\"link-more\"><a href=\"https:\/\/retourenoceanie.fr\/index.php\/2023\/09\/24\/autour-du-lac-burley-griffin\/\" class=\"more-link\">Continuer la lecture<span class=\"screen-reader-text\"> de &laquo;&nbsp;Autour du lac Burley Griffin&nbsp;&raquo;<\/span><\/a><\/p>\n","protected":false},"author":1,"featured_media":0,"comment_status":"open","ping_status":"open","sticky":false,"template":"","format":"standard","meta":{"footnotes":""},"categories":[1],"tags":[],"class_list":["post-426","post","type-post","status-publish","format-standard","hentry","category-non-classe"],"_links":{"self":[{"href":"https:\/\/retourenoceanie.fr\/index.php\/wp-json\/wp\/v2\/posts\/426","targetHints":{"allow":["GET"]}}],"collection":[{"href":"https:\/\/retourenoceanie.fr\/index.php\/wp-json\/wp\/v2\/posts"}],"about":[{"href":"https:\/\/retourenoceanie.fr\/index.php\/wp-json\/wp\/v2\/types\/post"}],"author":[{"embeddable":true,"href":"https:\/\/retourenoceanie.fr\/index.php\/wp-json\/wp\/v2\/users\/1"}],"replies":[{"embeddable":true,"href":"https:\/\/retourenoceanie.fr\/index.php\/wp-json\/wp\/v2\/comments?post=426"}],"version-history":[{"count":8,"href":"https:\/\/retourenoceanie.fr\/index.php\/wp-json\/wp\/v2\/posts\/426\/revisions"}],"predecessor-version":[{"id":502,"href":"https:\/\/retourenoceanie.fr\/index.php\/wp-json\/wp\/v2\/posts\/426\/revisions\/502"}],"wp:attachment":[{"href":"https:\/\/retourenoceanie.fr\/index.php\/wp-json\/wp\/v2\/media?parent=426"}],"wp:term":[{"taxonomy":"category","embeddable":true,"href":"https:\/\/retourenoceanie.fr\/index.php\/wp-json\/wp\/v2\/categories?post=426"},{"taxonomy":"post_tag","embeddable":true,"href":"https:\/\/retourenoceanie.fr\/index.php\/wp-json\/wp\/v2\/tags?post=426"}],"curies":[{"name":"wp","href":"https:\/\/api.w.org\/{rel}","templated":true}]}}