{"id":375,"date":"2023-09-12T02:29:51","date_gmt":"2023-09-12T00:29:51","guid":{"rendered":"http:\/\/retourenoceanie.fr\/?p=375"},"modified":"2023-09-12T06:31:34","modified_gmt":"2023-09-12T04:31:34","slug":"100-ans-et-40-ans","status":"publish","type":"post","link":"https:\/\/retourenoceanie.fr\/index.php\/2023\/09\/12\/100-ans-et-40-ans\/","title":{"rendered":"100 ans, cela se f\u00eate !"},"content":{"rendered":"\n<p>Telopea park school, le lyc\u00e9e franco australien de Canberra a f\u00eat\u00e9 ses 100 ans. Le centenaire de sa cr\u00e9ation mais \u00e9galement le quarantenaire de son cursus binational franco australien. Le programme aura \u00e9t\u00e9 dense; cinq jours de f\u00eate!<\/p>\n\n\n\n<p>Cela a commenc\u00e9 le jeudi par une r\u00e9ception \u00e0 l&rsquo;ambassade de France pour f\u00eater les 40 ans du programme binational de Telopea, mais aussi les 80 ans de l&rsquo;alliance fran\u00e7aise ainsi que les 50 ans de FAPS (french australian pre school) l&rsquo;ecole maternelle fran\u00e7aise.<\/p>\n\n\n\n<figure class=\"wp-block-gallery has-nested-images columns-default is-cropped wp-block-gallery-1 is-layout-flex wp-block-gallery-is-layout-flex\">\n<figure class=\"wp-block-image size-large\"><img loading=\"lazy\" decoding=\"async\" width=\"746\" height=\"714\" data-id=\"381\" src=\"http:\/\/retourenoceanie.fr\/wp-content\/uploads\/2023\/09\/IMG_0153.jpg\" alt=\"\" class=\"wp-image-381\" srcset=\"https:\/\/retourenoceanie.fr\/wp-content\/uploads\/2023\/09\/IMG_0153.jpg 746w, https:\/\/retourenoceanie.fr\/wp-content\/uploads\/2023\/09\/IMG_0153-300x287.jpg 300w\" sizes=\"auto, (max-width: 706px) 89vw, (max-width: 767px) 82vw, 740px\" \/><figcaption class=\"wp-element-caption\">Enzo et Isabelle \u00e9l\u00e8ves de 1ere lisant un po\u00e8me sur l&rsquo;\u00e9cole<\/figcaption><\/figure>\n\n\n\n<figure class=\"wp-block-image size-large\"><img loading=\"lazy\" decoding=\"async\" width=\"640\" height=\"625\" data-id=\"380\" src=\"http:\/\/retourenoceanie.fr\/wp-content\/uploads\/2023\/09\/IMG_0152.jpg\" alt=\"\" class=\"wp-image-380\" srcset=\"https:\/\/retourenoceanie.fr\/wp-content\/uploads\/2023\/09\/IMG_0152.jpg 640w, https:\/\/retourenoceanie.fr\/wp-content\/uploads\/2023\/09\/IMG_0152-300x293.jpg 300w\" sizes=\"auto, (max-width: 640px) 100vw, 640px\" \/><figcaption class=\"wp-element-caption\">Jean-Pierre Thebault l&rsquo;ambassadeur de France<\/figcaption><\/figure>\n<\/figure>\n\n\n\n<p> Puis le vendredi soir, grande r\u00e9ception dans le Hall de l&rsquo;\u00e9cole avec tous les enseignants, les anciens, pour le partage du gateau d&rsquo;anniversaire coup\u00e9 par une d\u00e9put\u00e9e australienne et l&rsquo;ambassadeur de France!<\/p>\n\n\n\n<figure class=\"wp-block-gallery has-nested-images columns-default is-cropped wp-block-gallery-2 is-layout-flex wp-block-gallery-is-layout-flex\">\n<figure class=\"wp-block-image size-large\"><img loading=\"lazy\" decoding=\"async\" width=\"481\" height=\"640\" data-id=\"383\" src=\"http:\/\/retourenoceanie.fr\/wp-content\/uploads\/2023\/09\/thumbnail_IMG_0092.jpg\" alt=\"\" class=\"wp-image-383\" srcset=\"https:\/\/retourenoceanie.fr\/wp-content\/uploads\/2023\/09\/thumbnail_IMG_0092.jpg 481w, https:\/\/retourenoceanie.fr\/wp-content\/uploads\/2023\/09\/thumbnail_IMG_0092-225x300.jpg 225w\" sizes=\"auto, (max-width: 481px) 100vw, 481px\" \/><\/figure>\n\n\n\n<figure class=\"wp-block-image size-large\"><img loading=\"lazy\" decoding=\"async\" width=\"480\" height=\"640\" data-id=\"384\" src=\"http:\/\/retourenoceanie.fr\/wp-content\/uploads\/2023\/09\/IMG_0094-1-rotated.jpg\" alt=\"\" class=\"wp-image-384\" srcset=\"https:\/\/retourenoceanie.fr\/wp-content\/uploads\/2023\/09\/IMG_0094-1-rotated.jpg 480w, https:\/\/retourenoceanie.fr\/wp-content\/uploads\/2023\/09\/IMG_0094-1-225x300.jpg 225w\" sizes=\"auto, (max-width: 480px) 100vw, 480px\" \/><\/figure>\n<\/figure>\n\n\n\n<p>Apr\u00e8s ces deux c\u00e9r\u00e9monies protocolaires, place aux portes ouvertes le samedi et  au pique nique champ\u00eatre des familles le dimanche  sur le terrain de sport de l&rsquo;\u00e9tablissement. Au programme : jeux pour les enfants.<\/p>\n\n\n\n<figure class=\"wp-block-gallery has-nested-images columns-default is-cropped wp-block-gallery-3 is-layout-flex wp-block-gallery-is-layout-flex\">\n<figure class=\"wp-block-image size-large\"><img loading=\"lazy\" decoding=\"async\" width=\"480\" height=\"640\" data-id=\"386\" src=\"http:\/\/retourenoceanie.fr\/wp-content\/uploads\/2023\/09\/IMG_0138-rotated.jpg\" alt=\"\" class=\"wp-image-386\" srcset=\"https:\/\/retourenoceanie.fr\/wp-content\/uploads\/2023\/09\/IMG_0138-rotated.jpg 480w, https:\/\/retourenoceanie.fr\/wp-content\/uploads\/2023\/09\/IMG_0138-225x300.jpg 225w\" sizes=\"auto, (max-width: 480px) 100vw, 480px\" \/><\/figure>\n\n\n\n<figure class=\"wp-block-image size-large\"><img loading=\"lazy\" decoding=\"async\" width=\"481\" height=\"640\" data-id=\"385\" src=\"http:\/\/retourenoceanie.fr\/wp-content\/uploads\/2023\/09\/thumbnail_IMG_0134-1.jpg\" alt=\"\" class=\"wp-image-385\" srcset=\"https:\/\/retourenoceanie.fr\/wp-content\/uploads\/2023\/09\/thumbnail_IMG_0134-1.jpg 481w, https:\/\/retourenoceanie.fr\/wp-content\/uploads\/2023\/09\/thumbnail_IMG_0134-1-225x300.jpg 225w\" sizes=\"auto, (max-width: 481px) 100vw, 481px\" \/><\/figure>\n<\/figure>\n\n\n\n<p>Enfin le lundi, jour de c\u00e9r\u00e9monie et de f\u00eate pour tous les \u00e9l\u00e8ves de la Grande Section \u00e0 la Premi\u00e8re;<\/p>\n\n\n\n<figure class=\"wp-block-image size-large\"><img loading=\"lazy\" decoding=\"async\" width=\"1024\" height=\"667\" src=\"http:\/\/retourenoceanie.fr\/wp-content\/uploads\/2023\/09\/dansfoule-1024x667.jpg\" alt=\"\" class=\"wp-image-388\" srcset=\"https:\/\/retourenoceanie.fr\/wp-content\/uploads\/2023\/09\/dansfoule-1024x667.jpg 1024w, https:\/\/retourenoceanie.fr\/wp-content\/uploads\/2023\/09\/dansfoule-300x195.jpg 300w, https:\/\/retourenoceanie.fr\/wp-content\/uploads\/2023\/09\/dansfoule-768x500.jpg 768w, https:\/\/retourenoceanie.fr\/wp-content\/uploads\/2023\/09\/dansfoule.jpg 1209w\" sizes=\"auto, (max-width: 767px) 89vw, (max-width: 1000px) 54vw, (max-width: 1071px) 543px, 580px\" \/><figcaption class=\"wp-element-caption\">Edm\u00e9e et Domitille avec leur classe<\/figcaption><\/figure>\n\n\n\n<p>Nous \u00e9tions tous r\u00e9unis professeurs et \u00e9l\u00e8ves pour la \u00ab\u00a0Smoking ceremony\u00a0\u00bb.<\/p>\n\n\n\n<figure class=\"wp-block-embed aligncenter is-type-video is-provider-vimeo wp-block-embed-vimeo\"><div class=\"wp-block-embed__wrapper\">\n<iframe loading=\"lazy\" title=\"IMG_0143\" src=\"https:\/\/player.vimeo.com\/video\/863401277?dnt=1&amp;app_id=122963\" width=\"443\" height=\"788\" frameborder=\"0\" allow=\"autoplay; fullscreen; picture-in-picture; clipboard-write\"><\/iframe>\n<\/div><\/figure>\n\n\n\n<p><a href=\"https:\/\/vimeo.com\/863401277\">IMG_0143<\/a> from <a href=\"https:\/\/vimeo.com\/user96555400\">sylvainlejeune@gmail.com<\/a> on <a href=\"https:\/\/vimeo.com\">Vimeo<\/a>.<\/p>\n\n\n\n<p>La c\u00e9r\u00e9monie de la fum\u00e9e est une coutume ancienne et contemporaine chez les aborig\u00e8nes australiens qui consiste \u00e0 faire br\u00fbler des plantes indig\u00e8nes pour produire de la fum\u00e9e. On pense que cette fum\u00e9e aux herbes poss\u00e8de des propri\u00e9t\u00e9s nettoyantes \u00e0 la fois spirituelles et physiques, ainsi que la capacit\u00e9 de repousser les mauvais esprits.<\/p>\n\n\n\n<p>Puis nous avons form\u00e9 les chiffres 100 et 40, les primaires \u00e9taient en rouge, les coll\u00e9giens en blanc et enfin les lyc\u00e9ens en bleu.<\/p>\n\n\n\n<figure class=\"wp-block-image size-full\"><img loading=\"lazy\" decoding=\"async\" width=\"901\" height=\"642\" src=\"http:\/\/retourenoceanie.fr\/wp-content\/uploads\/2023\/09\/100.jpg\" alt=\"\" class=\"wp-image-376\" srcset=\"https:\/\/retourenoceanie.fr\/wp-content\/uploads\/2023\/09\/100.jpg 901w, https:\/\/retourenoceanie.fr\/wp-content\/uploads\/2023\/09\/100-300x214.jpg 300w, https:\/\/retourenoceanie.fr\/wp-content\/uploads\/2023\/09\/100-768x547.jpg 768w\" sizes=\"auto, (max-width: 767px) 89vw, (max-width: 1000px) 54vw, (max-width: 1071px) 543px, 580px\" \/><\/figure>\n\n\n\n<figure class=\"wp-block-image size-full\"><img loading=\"lazy\" decoding=\"async\" width=\"898\" height=\"630\" src=\"http:\/\/retourenoceanie.fr\/wp-content\/uploads\/2023\/09\/40.jpg\" alt=\"\" class=\"wp-image-377\" srcset=\"https:\/\/retourenoceanie.fr\/wp-content\/uploads\/2023\/09\/40.jpg 898w, https:\/\/retourenoceanie.fr\/wp-content\/uploads\/2023\/09\/40-300x210.jpg 300w, https:\/\/retourenoceanie.fr\/wp-content\/uploads\/2023\/09\/40-768x539.jpg 768w\" sizes=\"auto, (max-width: 767px) 89vw, (max-width: 1000px) 54vw, (max-width: 1071px) 543px, 580px\" \/><\/figure>\n\n\n\n<p>Chacun gardera des souvenirs de cette belle journ\u00e9e et notamment un bob de sa couleur du jour:<\/p>\n\n\n\n<figure class=\"wp-block-image size-large\"><img loading=\"lazy\" decoding=\"async\" width=\"768\" height=\"1024\" src=\"http:\/\/retourenoceanie.fr\/wp-content\/uploads\/2023\/09\/c20967fc-a7cc-4800-9d9b-e95a0b187ab4-1-768x1024.jpg\" alt=\"\" class=\"wp-image-389\" srcset=\"https:\/\/retourenoceanie.fr\/wp-content\/uploads\/2023\/09\/c20967fc-a7cc-4800-9d9b-e95a0b187ab4-1-768x1024.jpg 768w, https:\/\/retourenoceanie.fr\/wp-content\/uploads\/2023\/09\/c20967fc-a7cc-4800-9d9b-e95a0b187ab4-1-225x300.jpg 225w, https:\/\/retourenoceanie.fr\/wp-content\/uploads\/2023\/09\/c20967fc-a7cc-4800-9d9b-e95a0b187ab4-1-1152x1536.jpg 1152w, https:\/\/retourenoceanie.fr\/wp-content\/uploads\/2023\/09\/c20967fc-a7cc-4800-9d9b-e95a0b187ab4-1.jpg 1200w\" sizes=\"auto, (max-width: 767px) 89vw, (max-width: 1000px) 54vw, (max-width: 1071px) 543px, 580px\" \/><\/figure>\n","protected":false},"excerpt":{"rendered":"<p>Telopea park school, le lyc\u00e9e franco australien de Canberra a f\u00eat\u00e9 ses 100 ans. Le centenaire de sa cr\u00e9ation mais \u00e9galement le quarantenaire de son cursus binational franco australien. Le programme aura \u00e9t\u00e9 dense; cinq jours de f\u00eate! Cela a commenc\u00e9 le jeudi par une r\u00e9ception \u00e0 l&rsquo;ambassade de France pour f\u00eater les 40 ans &hellip; <\/p>\n<p class=\"link-more\"><a href=\"https:\/\/retourenoceanie.fr\/index.php\/2023\/09\/12\/100-ans-et-40-ans\/\" class=\"more-link\">Continuer la lecture<span class=\"screen-reader-text\"> de &laquo;&nbsp;100 ans, cela se f\u00eate !&nbsp;&raquo;<\/span><\/a><\/p>\n","protected":false},"author":1,"featured_media":0,"comment_status":"open","ping_status":"open","sticky":false,"template":"","format":"standard","meta":{"footnotes":""},"categories":[1],"tags":[],"class_list":["post-375","post","type-post","status-publish","format-standard","hentry","category-non-classe"],"_links":{"self":[{"href":"https:\/\/retourenoceanie.fr\/index.php\/wp-json\/wp\/v2\/posts\/375","targetHints":{"allow":["GET"]}}],"collection":[{"href":"https:\/\/retourenoceanie.fr\/index.php\/wp-json\/wp\/v2\/posts"}],"about":[{"href":"https:\/\/retourenoceanie.fr\/index.php\/wp-json\/wp\/v2\/types\/post"}],"author":[{"embeddable":true,"href":"https:\/\/retourenoceanie.fr\/index.php\/wp-json\/wp\/v2\/users\/1"}],"replies":[{"embeddable":true,"href":"https:\/\/retourenoceanie.fr\/index.php\/wp-json\/wp\/v2\/comments?post=375"}],"version-history":[{"count":12,"href":"https:\/\/retourenoceanie.fr\/index.php\/wp-json\/wp\/v2\/posts\/375\/revisions"}],"predecessor-version":[{"id":403,"href":"https:\/\/retourenoceanie.fr\/index.php\/wp-json\/wp\/v2\/posts\/375\/revisions\/403"}],"wp:attachment":[{"href":"https:\/\/retourenoceanie.fr\/index.php\/wp-json\/wp\/v2\/media?parent=375"}],"wp:term":[{"taxonomy":"category","embeddable":true,"href":"https:\/\/retourenoceanie.fr\/index.php\/wp-json\/wp\/v2\/categories?post=375"},{"taxonomy":"post_tag","embeddable":true,"href":"https:\/\/retourenoceanie.fr\/index.php\/wp-json\/wp\/v2\/tags?post=375"}],"curies":[{"name":"wp","href":"https:\/\/api.w.org\/{rel}","templated":true}]}}