{"id":1615,"date":"2024-09-07T03:31:08","date_gmt":"2024-09-07T01:31:08","guid":{"rendered":"https:\/\/retourenoceanie.fr\/?p=1615"},"modified":"2024-09-07T07:22:18","modified_gmt":"2024-09-07T05:22:18","slug":"the-reconciliation-week","status":"publish","type":"post","link":"https:\/\/retourenoceanie.fr\/index.php\/2024\/09\/07\/the-reconciliation-week\/","title":{"rendered":"The reconciliation week"},"content":{"rendered":"\n<p>La Semaine nationale de la r\u00e9conciliation a pour objectif de c\u00e9l\u00e9brer l&rsquo;histoire et la culture aborig\u00e8ne en Australie et de favoriser les activit\u00e9s de r\u00e9conciliation, depuis 1993.<\/p>\n\n\n<div class=\"wp-block-image\">\n<figure class=\"aligncenter size-large is-resized\"><img loading=\"lazy\" decoding=\"async\" width=\"1024\" height=\"684\" src=\"https:\/\/retourenoceanie.fr\/wp-content\/uploads\/2024\/09\/Capture-decran-2024-09-07-150435-1024x684.jpg\" alt=\"\" class=\"wp-image-1618\" style=\"width:520px;height:auto\" srcset=\"https:\/\/retourenoceanie.fr\/wp-content\/uploads\/2024\/09\/Capture-decran-2024-09-07-150435-1024x684.jpg 1024w, https:\/\/retourenoceanie.fr\/wp-content\/uploads\/2024\/09\/Capture-decran-2024-09-07-150435-300x200.jpg 300w, https:\/\/retourenoceanie.fr\/wp-content\/uploads\/2024\/09\/Capture-decran-2024-09-07-150435-768x513.jpg 768w, https:\/\/retourenoceanie.fr\/wp-content\/uploads\/2024\/09\/Capture-decran-2024-09-07-150435.jpg 1255w\" sizes=\"auto, (max-width: 767px) 89vw, (max-width: 1000px) 54vw, (max-width: 1071px) 543px, 580px\" \/><\/figure>\n<\/div>\n\n\n<p>La semaine d\u00e9bute le 27 mai : anniversaire du r\u00e9f\u00e9rendum de 1967 en Australie,<\/p>\n\n\n\n<p>et se termine le 3 juin : anniversaire du jugement de la Haute Cour d&rsquo;Australie sur l&rsquo;affaire historique Mabo v Queensland de 1992, qui a reconnu le titre foncier autochtone en Australie pour la premi\u00e8re fois.<\/p>\n\n\n\n<p><strong><em>Le r\u00e9f\u00e9rendum de 1967<\/em><\/strong><\/p>\n\n\n<div class=\"wp-block-image\">\n<figure class=\"aligncenter size-full is-resized\"><img loading=\"lazy\" decoding=\"async\" width=\"689\" height=\"787\" src=\"https:\/\/retourenoceanie.fr\/wp-content\/uploads\/2024\/09\/rightwrongsposter.jpg\" alt=\"\" class=\"wp-image-1627\" style=\"width:424px;height:auto\" srcset=\"https:\/\/retourenoceanie.fr\/wp-content\/uploads\/2024\/09\/rightwrongsposter.jpg 689w, https:\/\/retourenoceanie.fr\/wp-content\/uploads\/2024\/09\/rightwrongsposter-263x300.jpg 263w\" sizes=\"auto, (max-width: 689px) 100vw, 689px\" \/><\/figure>\n<\/div>\n\n\n<p>Les \u00e9lecteurs australiens ont vot\u00e9 pour que le Parlement du Commonwealth autorise des lois sp\u00e9ciales pour les aborig\u00e8nes d&rsquo;Australie et que les aborig\u00e8nes soient inclus dans les d\u00e9comptes de la population ce qu\u2019il n\u2019\u00e9tait pas le cas jusqu\u2019alors.<\/p>\n\n\n\n<p>\u00c0 partir de 1944, les aborig\u00e8nes d&rsquo; Australie occidentale pouvaient demander \u00e0 devenir citoyen australien s&rsquo;ils adoptaient les \u201c modes et habitudes de vie civilis\u00e9s \u00bb et acceptaient l&rsquo;absence de relations avec d&rsquo;autres aborig\u00e8nes que leurs parents, fr\u00e8res et s\u0153urs, enfants  ou petits-enfants .<\/p>\n\n\n\n<p>Leur citoyennent\u00e9 pouvait leur \u00eatre retir\u00e9e \u00e0 tout moment jusqu&rsquo;en 1971.<\/p>\n\n\n\n<p><strong><em>L\u2019affaire Mabo<\/em><\/strong><\/p>\n\n\n\n<p>Eddie Mabo est n\u00e9 sur ll\u2019\u00eele Murray, une des \u00eeles du d\u00e9troit de Torr\u00e8s.<\/p>\n\n\n<div class=\"wp-block-image\">\n<figure class=\"aligncenter size-large\"><img loading=\"lazy\" decoding=\"async\" width=\"1024\" height=\"576\" src=\"https:\/\/retourenoceanie.fr\/wp-content\/uploads\/2024\/09\/Capture-decran-2024-09-07-150637-1024x576.jpg\" alt=\"\" class=\"wp-image-1619\" srcset=\"https:\/\/retourenoceanie.fr\/wp-content\/uploads\/2024\/09\/Capture-decran-2024-09-07-150637-1024x576.jpg 1024w, https:\/\/retourenoceanie.fr\/wp-content\/uploads\/2024\/09\/Capture-decran-2024-09-07-150637-300x169.jpg 300w, https:\/\/retourenoceanie.fr\/wp-content\/uploads\/2024\/09\/Capture-decran-2024-09-07-150637-768x432.jpg 768w, https:\/\/retourenoceanie.fr\/wp-content\/uploads\/2024\/09\/Capture-decran-2024-09-07-150637.jpg 1045w\" sizes=\"auto, (max-width: 767px) 89vw, (max-width: 1000px) 54vw, (max-width: 1071px) 543px, 580px\" \/><\/figure>\n<\/div>\n\n\n<p>Il \u00e9tait jardinier de l\u2019Universit\u00e9 de Cook \u00e0 Townsville . Lors d\u2019une discussion avec des professeurs de l\u2019Universit\u00e9, il r\u00e9alise que les terres qu\u2019il habite avec sa famille depuis des dizaines de g\u00e9n\u00e9rations ne leur appartiennent pas. Tout appartient \u00e0 la Couronne Britannique.<\/p>\n\n\n\n<p>Il f\u00e9d\u00e8re autour de lui habitants et avocats et ils saisissent la Haute Cour d\u2019Australie pour que leur soit reconnu le droit de poss\u00e9der les terres sur lesquelles leurs anc\u00eatres avaient v\u00e9cu. Apr\u00e8s 10 ans de bataille juridique et politique, ils ont r\u00e9ussi \u00e0 d\u00e9monter le principe du terra nullius devant le tribunal.<\/p>\n\n\n\n<p>Ce principe d\u00e9cr\u00e9tait que l\u2019Australie \u00e9tait inhabit\u00e9e et n\u2019appartenait donc \u00e0 personne. Terra nullius est aujourd\u2019hui utilis\u00e9e comme expression pour expliquer comment l\u2019Australie a \u00e9t\u00e9 fond\u00e9e ; pour justifier et l\u00e9gitimer la d\u00e9possession, la dispersion et le traitement inhumain des Aborig\u00e8nes.<\/p>\n\n\n\n<p>Malo et sa classe ont r\u00e9alis\u00e9 un serpent en s\u2019inspirant de l\u2019histoire \u201cThe Rainbow serpent dreamtime story\u201d, tir\u00e9e de la culture aborig\u00e8ne.<\/p>\n\n\n\n<figure class=\"wp-block-image size-full\"><img loading=\"lazy\" decoding=\"async\" width=\"640\" height=\"480\" src=\"https:\/\/retourenoceanie.fr\/wp-content\/uploads\/2024\/09\/ae5f76e8-2d20-41cb-a612-8c3ab7142aba.jpg\" alt=\"\" class=\"wp-image-1625\" srcset=\"https:\/\/retourenoceanie.fr\/wp-content\/uploads\/2024\/09\/ae5f76e8-2d20-41cb-a612-8c3ab7142aba.jpg 640w, https:\/\/retourenoceanie.fr\/wp-content\/uploads\/2024\/09\/ae5f76e8-2d20-41cb-a612-8c3ab7142aba-300x225.jpg 300w\" sizes=\"auto, (max-width: 640px) 100vw, 640px\" \/><\/figure>\n\n\n\n<p>L\u2019objectif \u00e9tait de d\u00e9couvrir la culture aborig\u00e8ne, la notion d\u2019avoir une identit\u00e9 et d\u2019\u00eatre membre d\u2019une famille et d\u2019un groupe, de reconna\u00eetre les diff\u00e9rences de tradition, de culture et de famille.<\/p>\n\n\n\n<p>Une autre classe a r\u00e9alis\u00e9 un oiseau souvent vu dans la cour de r\u00e9cr\u00e9ation en utilisant la nature (morceau de bois, feuille\u2026) pour faire le lien avec l\u2019art aborig\u00e8ne.<\/p>\n","protected":false},"excerpt":{"rendered":"<p>La Semaine nationale de la r\u00e9conciliation a pour objectif de c\u00e9l\u00e9brer l&rsquo;histoire et la culture aborig\u00e8ne en Australie et de favoriser les activit\u00e9s de r\u00e9conciliation, depuis 1993. La semaine d\u00e9bute le 27 mai : anniversaire du r\u00e9f\u00e9rendum de 1967 en Australie, et se termine le 3 juin : anniversaire du jugement de la Haute Cour &hellip; <\/p>\n<p class=\"link-more\"><a href=\"https:\/\/retourenoceanie.fr\/index.php\/2024\/09\/07\/the-reconciliation-week\/\" class=\"more-link\">Continuer la lecture<span class=\"screen-reader-text\"> de &laquo;&nbsp;The reconciliation week&nbsp;&raquo;<\/span><\/a><\/p>\n","protected":false},"author":1,"featured_media":0,"comment_status":"open","ping_status":"open","sticky":false,"template":"","format":"standard","meta":{"footnotes":""},"categories":[1],"tags":[],"class_list":["post-1615","post","type-post","status-publish","format-standard","hentry","category-non-classe"],"_links":{"self":[{"href":"https:\/\/retourenoceanie.fr\/index.php\/wp-json\/wp\/v2\/posts\/1615","targetHints":{"allow":["GET"]}}],"collection":[{"href":"https:\/\/retourenoceanie.fr\/index.php\/wp-json\/wp\/v2\/posts"}],"about":[{"href":"https:\/\/retourenoceanie.fr\/index.php\/wp-json\/wp\/v2\/types\/post"}],"author":[{"embeddable":true,"href":"https:\/\/retourenoceanie.fr\/index.php\/wp-json\/wp\/v2\/users\/1"}],"replies":[{"embeddable":true,"href":"https:\/\/retourenoceanie.fr\/index.php\/wp-json\/wp\/v2\/comments?post=1615"}],"version-history":[{"count":5,"href":"https:\/\/retourenoceanie.fr\/index.php\/wp-json\/wp\/v2\/posts\/1615\/revisions"}],"predecessor-version":[{"id":1628,"href":"https:\/\/retourenoceanie.fr\/index.php\/wp-json\/wp\/v2\/posts\/1615\/revisions\/1628"}],"wp:attachment":[{"href":"https:\/\/retourenoceanie.fr\/index.php\/wp-json\/wp\/v2\/media?parent=1615"}],"wp:term":[{"taxonomy":"category","embeddable":true,"href":"https:\/\/retourenoceanie.fr\/index.php\/wp-json\/wp\/v2\/categories?post=1615"},{"taxonomy":"post_tag","embeddable":true,"href":"https:\/\/retourenoceanie.fr\/index.php\/wp-json\/wp\/v2\/tags?post=1615"}],"curies":[{"name":"wp","href":"https:\/\/api.w.org\/{rel}","templated":true}]}}