{"id":1458,"date":"2024-07-29T13:22:28","date_gmt":"2024-07-29T11:22:28","guid":{"rendered":"https:\/\/retourenoceanie.fr\/?p=1458"},"modified":"2024-08-31T08:33:30","modified_gmt":"2024-08-31T06:33:30","slug":"canberra-aux-couleurs-de-jeux-olympiques","status":"publish","type":"post","link":"https:\/\/retourenoceanie.fr\/index.php\/2024\/07\/29\/canberra-aux-couleurs-de-jeux-olympiques\/","title":{"rendered":"Canberra aux couleurs de Jeux Olympiques"},"content":{"rendered":"\n<p>C\u2019est avec fiert\u00e9 que Domitille a pr\u00e9sent\u00e9 avec sa classe la chor\u00e9graphie des JO qu\u2019elle a pr\u00e9par\u00e9 avec beaucoup d\u2019application pendant plusieurs semaines.&nbsp;<\/p>\n\n\n\n<figure class=\"wp-block-image size-large\"><img loading=\"lazy\" decoding=\"async\" width=\"1024\" height=\"576\" src=\"https:\/\/retourenoceanie.fr\/wp-content\/uploads\/2024\/07\/Afficher-les-photos-recentes-1024x576.jpeg\" alt=\"\" class=\"wp-image-1582\" srcset=\"https:\/\/retourenoceanie.fr\/wp-content\/uploads\/2024\/07\/Afficher-les-photos-recentes-1024x576.jpeg 1024w, https:\/\/retourenoceanie.fr\/wp-content\/uploads\/2024\/07\/Afficher-les-photos-recentes-300x169.jpeg 300w, https:\/\/retourenoceanie.fr\/wp-content\/uploads\/2024\/07\/Afficher-les-photos-recentes-768x432.jpeg 768w, https:\/\/retourenoceanie.fr\/wp-content\/uploads\/2024\/07\/Afficher-les-photos-recentes.jpeg 1334w\" sizes=\"auto, (max-width: 767px) 89vw, (max-width: 1000px) 54vw, (max-width: 1071px) 543px, 580px\" \/><\/figure>\n\n\n\n<p>Les \u00e9l\u00e8ves avaient confectionn\u00e9 eux-m\u00eames leurs chapeaux et leurs bracelets aux couleurs des JO.&nbsp;<\/p>\n\n\n\n<p>Leur danse a \u00e9t\u00e9 incluse dans une vid\u00e9o collective avec les \u00e9coles de Tokyo, Hong-Kong et Sydney dans le cadre d\u2019un projet de l\u2019Agence pour l\u2019Enseignement du Fran\u00e7ais \u00e0 l\u2019Etranger (AEFE).&nbsp;<\/p>\n","protected":false},"excerpt":{"rendered":"<p>C\u2019est avec fiert\u00e9 que Domitille a pr\u00e9sent\u00e9 avec sa classe la chor\u00e9graphie des JO qu\u2019elle a pr\u00e9par\u00e9 avec beaucoup d\u2019application pendant plusieurs semaines.&nbsp; Les \u00e9l\u00e8ves avaient confectionn\u00e9 eux-m\u00eames leurs chapeaux et leurs bracelets aux couleurs des JO.&nbsp; Leur danse a \u00e9t\u00e9 incluse dans une vid\u00e9o collective avec les \u00e9coles de Tokyo, Hong-Kong et Sydney dans &hellip; <\/p>\n<p class=\"link-more\"><a href=\"https:\/\/retourenoceanie.fr\/index.php\/2024\/07\/29\/canberra-aux-couleurs-de-jeux-olympiques\/\" class=\"more-link\">Continuer la lecture<span class=\"screen-reader-text\"> de &laquo;&nbsp;Canberra aux couleurs de Jeux Olympiques&nbsp;&raquo;<\/span><\/a><\/p>\n","protected":false},"author":1,"featured_media":0,"comment_status":"open","ping_status":"open","sticky":false,"template":"","format":"standard","meta":{"footnotes":""},"categories":[1],"tags":[],"class_list":["post-1458","post","type-post","status-publish","format-standard","hentry","category-non-classe"],"_links":{"self":[{"href":"https:\/\/retourenoceanie.fr\/index.php\/wp-json\/wp\/v2\/posts\/1458","targetHints":{"allow":["GET"]}}],"collection":[{"href":"https:\/\/retourenoceanie.fr\/index.php\/wp-json\/wp\/v2\/posts"}],"about":[{"href":"https:\/\/retourenoceanie.fr\/index.php\/wp-json\/wp\/v2\/types\/post"}],"author":[{"embeddable":true,"href":"https:\/\/retourenoceanie.fr\/index.php\/wp-json\/wp\/v2\/users\/1"}],"replies":[{"embeddable":true,"href":"https:\/\/retourenoceanie.fr\/index.php\/wp-json\/wp\/v2\/comments?post=1458"}],"version-history":[{"count":2,"href":"https:\/\/retourenoceanie.fr\/index.php\/wp-json\/wp\/v2\/posts\/1458\/revisions"}],"predecessor-version":[{"id":1584,"href":"https:\/\/retourenoceanie.fr\/index.php\/wp-json\/wp\/v2\/posts\/1458\/revisions\/1584"}],"wp:attachment":[{"href":"https:\/\/retourenoceanie.fr\/index.php\/wp-json\/wp\/v2\/media?parent=1458"}],"wp:term":[{"taxonomy":"category","embeddable":true,"href":"https:\/\/retourenoceanie.fr\/index.php\/wp-json\/wp\/v2\/categories?post=1458"},{"taxonomy":"post_tag","embeddable":true,"href":"https:\/\/retourenoceanie.fr\/index.php\/wp-json\/wp\/v2\/tags?post=1458"}],"curies":[{"name":"wp","href":"https:\/\/api.w.org\/{rel}","templated":true}]}}