{"id":142,"date":"2023-07-26T04:59:26","date_gmt":"2023-07-26T02:59:26","guid":{"rendered":"http:\/\/retourenoceanie.fr\/?p=142"},"modified":"2023-07-26T12:32:23","modified_gmt":"2023-07-26T10:32:23","slug":"cest-la-rentree","status":"publish","type":"post","link":"https:\/\/retourenoceanie.fr\/index.php\/2023\/07\/26\/cest-la-rentree\/","title":{"rendered":"C&rsquo;est la rentr\u00e9e !"},"content":{"rendered":"\n<figure class=\"wp-block-gallery has-nested-images columns-default is-cropped wp-block-gallery-1 is-layout-flex wp-block-gallery-is-layout-flex\">\n<figure class=\"wp-block-image size-large\"><img loading=\"lazy\" decoding=\"async\" width=\"640\" height=\"481\" data-id=\"143\" src=\"http:\/\/retourenoceanie.fr\/wp-content\/uploads\/2023\/07\/thumbnail_IMG_9198.jpg\" alt=\"\" class=\"wp-image-143\" srcset=\"https:\/\/retourenoceanie.fr\/wp-content\/uploads\/2023\/07\/thumbnail_IMG_9198.jpg 640w, https:\/\/retourenoceanie.fr\/wp-content\/uploads\/2023\/07\/thumbnail_IMG_9198-300x225.jpg 300w\" sizes=\"auto, (max-width: 640px) 100vw, 640px\" \/><\/figure>\n\n\n\n<figure class=\"wp-block-image size-large\"><img loading=\"lazy\" decoding=\"async\" width=\"640\" height=\"481\" data-id=\"144\" src=\"http:\/\/retourenoceanie.fr\/wp-content\/uploads\/2023\/07\/thumbnail_IMG_9196.jpg\" alt=\"\" class=\"wp-image-144\" srcset=\"https:\/\/retourenoceanie.fr\/wp-content\/uploads\/2023\/07\/thumbnail_IMG_9196.jpg 640w, https:\/\/retourenoceanie.fr\/wp-content\/uploads\/2023\/07\/thumbnail_IMG_9196-300x225.jpg 300w\" sizes=\"auto, (max-width: 640px) 100vw, 640px\" \/><\/figure>\n<\/figure>\n\n\n\n<p>Soixante heures apr\u00e8s notre arriv\u00e9e, c&rsquo;est la rentr\u00e9e! Changement d&rsquo;uniforme pour les enfants, le blanc de St Gabriel &#8211; La Providence de St Pierre de La R\u00e9union fait place au rouge de T\u00e9lop\u00e9a Park School, le lyc\u00e9e franco australien de Canberra:<\/p>\n\n\n\n<figure class=\"wp-block-image size-full\"><img loading=\"lazy\" decoding=\"async\" width=\"640\" height=\"481\" src=\"http:\/\/retourenoceanie.fr\/wp-content\/uploads\/2023\/07\/thumbnail_IMG_9254.jpg\" alt=\"\" class=\"wp-image-145\" srcset=\"https:\/\/retourenoceanie.fr\/wp-content\/uploads\/2023\/07\/thumbnail_IMG_9254.jpg 640w, https:\/\/retourenoceanie.fr\/wp-content\/uploads\/2023\/07\/thumbnail_IMG_9254-300x225.jpg 300w\" sizes=\"auto, (max-width: 640px) 100vw, 640px\" \/><\/figure>\n\n\n\n<p><br>En plus du changement de couleurs, il y a quelques \u00e9paisseurs en plus \u00e0 pr\u00e9voir. Le matin il fait froid!<\/p>\n\n\n<div class=\"wp-block-image\">\n<figure class=\"aligncenter size-large is-resized\"><img loading=\"lazy\" decoding=\"async\" src=\"http:\/\/retourenoceanie.fr\/wp-content\/uploads\/2023\/07\/IMG_9257-1024x768.jpeg\" alt=\"\" class=\"wp-image-151\" width=\"434\" height=\"326\" srcset=\"https:\/\/retourenoceanie.fr\/wp-content\/uploads\/2023\/07\/IMG_9257-1024x768.jpeg 1024w, https:\/\/retourenoceanie.fr\/wp-content\/uploads\/2023\/07\/IMG_9257-300x225.jpeg 300w, https:\/\/retourenoceanie.fr\/wp-content\/uploads\/2023\/07\/IMG_9257-768x576.jpeg 768w, https:\/\/retourenoceanie.fr\/wp-content\/uploads\/2023\/07\/IMG_9257-1536x1152.jpeg 1536w, https:\/\/retourenoceanie.fr\/wp-content\/uploads\/2023\/07\/IMG_9257-2048x1536.jpeg 2048w\" sizes=\"auto, (max-width: 434px) 100vw, 434px\" \/><\/figure>\n<\/div>\n\n\n<p>Elie fera quelques jours en CE2 avant de partir en \u00e9cole d&rsquo;immersion anglaise jusqu&rsquo;aux vacances de Noel. Domitille terminera son CP pour ensuite rentrer en CE1 en f\u00e9vrier. Quant \u00e0 Edm\u00e9e, elle prendra la direction de la Grande Section appel\u00e9e le Kindy ou Kindergarden,  \u00e9cole franco australienne oblige, il y a le double programme. En Australie, on suit un calendrier scolaire h\u00e9misph\u00e8re Sud, quoi de plus logique du fait de l\u2019inversion des saisons par rapport \u00e0 l\u2019h\u00e9misph\u00e8re Nord.<\/p>\n\n\n\n<p>De son c\u00f4t\u00e9 Sylvain enseignera au lyc\u00e9e le programme fran\u00e7ais sur deux sites, celui de Telopea mais aussi de Narrabundah o\u00f9 l on retrouve les years 11 et 12, l\u2019\u00e9quivalent de nos Premi\u00e8res et Terminales. Pas simple \u00e0 suivre au d\u00e9but ce syst\u00e8me scolaire bi national !<\/p>\n\n\n\n<figure class=\"wp-block-gallery has-nested-images columns-default is-cropped wp-block-gallery-2 is-layout-flex wp-block-gallery-is-layout-flex\">\n<figure class=\"wp-block-image size-large\"><img loading=\"lazy\" decoding=\"async\" width=\"640\" height=\"481\" data-id=\"146\" src=\"http:\/\/retourenoceanie.fr\/wp-content\/uploads\/2023\/07\/thumbnail_IMG_9221-rotated.jpg\" alt=\"\" class=\"wp-image-146\" srcset=\"https:\/\/retourenoceanie.fr\/wp-content\/uploads\/2023\/07\/thumbnail_IMG_9221-rotated.jpg 640w, https:\/\/retourenoceanie.fr\/wp-content\/uploads\/2023\/07\/thumbnail_IMG_9221-300x225.jpg 300w\" sizes=\"auto, (max-width: 640px) 100vw, 640px\" \/><\/figure>\n\n\n\n<figure class=\"wp-block-image size-large\"><img loading=\"lazy\" decoding=\"async\" width=\"615\" height=\"640\" data-id=\"147\" src=\"http:\/\/retourenoceanie.fr\/wp-content\/uploads\/2023\/07\/thumbnail_IMG_9216.jpg\" alt=\"\" class=\"wp-image-147\" srcset=\"https:\/\/retourenoceanie.fr\/wp-content\/uploads\/2023\/07\/thumbnail_IMG_9216.jpg 615w, https:\/\/retourenoceanie.fr\/wp-content\/uploads\/2023\/07\/thumbnail_IMG_9216-288x300.jpg 288w\" sizes=\"auto, (max-width: 615px) 100vw, 615px\" \/><\/figure>\n<\/figure>\n","protected":false},"excerpt":{"rendered":"<p>Soixante heures apr\u00e8s notre arriv\u00e9e, c&rsquo;est la rentr\u00e9e! Changement d&rsquo;uniforme pour les enfants, le blanc de St Gabriel &#8211; La Providence de St Pierre de La R\u00e9union fait place au rouge de T\u00e9lop\u00e9a Park School, le lyc\u00e9e franco australien de Canberra: En plus du changement de couleurs, il y a quelques \u00e9paisseurs en plus \u00e0 &hellip; <\/p>\n<p class=\"link-more\"><a href=\"https:\/\/retourenoceanie.fr\/index.php\/2023\/07\/26\/cest-la-rentree\/\" class=\"more-link\">Continuer la lecture<span class=\"screen-reader-text\"> de &laquo;&nbsp;C&rsquo;est la rentr\u00e9e !&nbsp;&raquo;<\/span><\/a><\/p>\n","protected":false},"author":1,"featured_media":0,"comment_status":"open","ping_status":"open","sticky":false,"template":"","format":"standard","meta":{"footnotes":""},"categories":[1],"tags":[],"class_list":["post-142","post","type-post","status-publish","format-standard","hentry","category-non-classe"],"_links":{"self":[{"href":"https:\/\/retourenoceanie.fr\/index.php\/wp-json\/wp\/v2\/posts\/142","targetHints":{"allow":["GET"]}}],"collection":[{"href":"https:\/\/retourenoceanie.fr\/index.php\/wp-json\/wp\/v2\/posts"}],"about":[{"href":"https:\/\/retourenoceanie.fr\/index.php\/wp-json\/wp\/v2\/types\/post"}],"author":[{"embeddable":true,"href":"https:\/\/retourenoceanie.fr\/index.php\/wp-json\/wp\/v2\/users\/1"}],"replies":[{"embeddable":true,"href":"https:\/\/retourenoceanie.fr\/index.php\/wp-json\/wp\/v2\/comments?post=142"}],"version-history":[{"count":6,"href":"https:\/\/retourenoceanie.fr\/index.php\/wp-json\/wp\/v2\/posts\/142\/revisions"}],"predecessor-version":[{"id":164,"href":"https:\/\/retourenoceanie.fr\/index.php\/wp-json\/wp\/v2\/posts\/142\/revisions\/164"}],"wp:attachment":[{"href":"https:\/\/retourenoceanie.fr\/index.php\/wp-json\/wp\/v2\/media?parent=142"}],"wp:term":[{"taxonomy":"category","embeddable":true,"href":"https:\/\/retourenoceanie.fr\/index.php\/wp-json\/wp\/v2\/categories?post=142"},{"taxonomy":"post_tag","embeddable":true,"href":"https:\/\/retourenoceanie.fr\/index.php\/wp-json\/wp\/v2\/tags?post=142"}],"curies":[{"name":"wp","href":"https:\/\/api.w.org\/{rel}","templated":true}]}}