{"id":1292,"date":"2024-03-28T07:05:20","date_gmt":"2024-03-28T06:05:20","guid":{"rendered":"http:\/\/retourenoceanie.fr\/?p=1292"},"modified":"2024-04-25T00:02:58","modified_gmt":"2024-04-24T22:02:58","slug":"premier-jour-decole","status":"publish","type":"post","link":"https:\/\/retourenoceanie.fr\/index.php\/2024\/03\/28\/premier-jour-decole\/","title":{"rendered":"Premier jour d\u2019\u00e9cole"},"content":{"rendered":"\n<p>Le 13 F\u00e9vrier 2017 \u00e0 Poum,<\/p>\n\n\n<div class=\"wp-block-image\">\n<figure class=\"aligncenter size-full\"><img loading=\"lazy\" decoding=\"async\" width=\"480\" height=\"640\" src=\"http:\/\/retourenoceanie.fr\/wp-content\/uploads\/2024\/03\/IMG_5118-rotated.jpeg\" alt=\"\" class=\"wp-image-1293\" srcset=\"https:\/\/retourenoceanie.fr\/wp-content\/uploads\/2024\/03\/IMG_5118-rotated.jpeg 480w, https:\/\/retourenoceanie.fr\/wp-content\/uploads\/2024\/03\/IMG_5118-225x300.jpeg 225w\" sizes=\"auto, (max-width: 480px) 100vw, 480px\" \/><\/figure>\n<\/div>\n\n\n<p>Le 6 septembre 2018 au Caire,<\/p>\n\n\n<div class=\"wp-block-image\">\n<figure class=\"aligncenter size-full is-resized\"><img loading=\"lazy\" decoding=\"async\" width=\"480\" height=\"640\" src=\"http:\/\/retourenoceanie.fr\/wp-content\/uploads\/2024\/03\/IMG_0170-rotated.jpeg\" alt=\"\" class=\"wp-image-1294\" style=\"width:489px;height:auto\" srcset=\"https:\/\/retourenoceanie.fr\/wp-content\/uploads\/2024\/03\/IMG_0170-rotated.jpeg 480w, https:\/\/retourenoceanie.fr\/wp-content\/uploads\/2024\/03\/IMG_0170-225x300.jpeg 225w\" sizes=\"auto, (max-width: 480px) 100vw, 480px\" \/><\/figure>\n<\/div>\n\n\n<p>Le 20 Ao\u00fbt 2021 \u00e0 Saint Pierre,<\/p>\n\n\n<div class=\"wp-block-image\">\n<figure class=\"aligncenter size-large\"><img loading=\"lazy\" decoding=\"async\" width=\"1024\" height=\"768\" src=\"http:\/\/retourenoceanie.fr\/wp-content\/uploads\/2024\/03\/167e7271-40fe-4126-b38b-e89f0dc9f11a-1024x768.jpeg\" alt=\"\" class=\"wp-image-1295\" srcset=\"https:\/\/retourenoceanie.fr\/wp-content\/uploads\/2024\/03\/167e7271-40fe-4126-b38b-e89f0dc9f11a-1024x768.jpeg 1024w, https:\/\/retourenoceanie.fr\/wp-content\/uploads\/2024\/03\/167e7271-40fe-4126-b38b-e89f0dc9f11a-300x225.jpeg 300w, https:\/\/retourenoceanie.fr\/wp-content\/uploads\/2024\/03\/167e7271-40fe-4126-b38b-e89f0dc9f11a-768x576.jpeg 768w, https:\/\/retourenoceanie.fr\/wp-content\/uploads\/2024\/03\/167e7271-40fe-4126-b38b-e89f0dc9f11a-1536x1152.jpeg 1536w, https:\/\/retourenoceanie.fr\/wp-content\/uploads\/2024\/03\/167e7271-40fe-4126-b38b-e89f0dc9f11a.jpeg 1600w\" sizes=\"auto, (max-width: 767px) 89vw, (max-width: 1000px) 54vw, (max-width: 1071px) 543px, 580px\" \/><\/figure>\n<\/div>\n\n\n<p>Et Aujourd\u2019hui le 28 Mars 2024, jour de ses 3 ans, Malo prend la direction de l\u2019\u00e9cole :<\/p>\n\n\n<div class=\"wp-block-image\">\n<figure class=\"aligncenter size-full\"><img loading=\"lazy\" decoding=\"async\" width=\"480\" height=\"640\" src=\"http:\/\/retourenoceanie.fr\/wp-content\/uploads\/2024\/03\/IMG_4623-rotated.jpeg\" alt=\"\" class=\"wp-image-1296\" srcset=\"https:\/\/retourenoceanie.fr\/wp-content\/uploads\/2024\/03\/IMG_4623-rotated.jpeg 480w, https:\/\/retourenoceanie.fr\/wp-content\/uploads\/2024\/03\/IMG_4623-225x300.jpeg 225w\" sizes=\"auto, (max-width: 480px) 100vw, 480px\" \/><\/figure>\n<\/div>\n\n\n<p>Il commence son long parcours d\u2019\u00e9colier \u00e0 la French Australian Pr\u00e9 school, sa ma\u00eetresse s\u2019appelle Marie-Helene.<\/p>\n\n\n<div class=\"wp-block-image\">\n<figure class=\"aligncenter size-large is-resized\"><img loading=\"lazy\" decoding=\"async\" width=\"768\" height=\"1024\" src=\"http:\/\/retourenoceanie.fr\/wp-content\/uploads\/2024\/03\/e8dd3000-03ba-46e5-9ff7-fc55856af618-768x1024.jpeg\" alt=\"\" class=\"wp-image-1297\" style=\"width:488px;height:auto\" srcset=\"https:\/\/retourenoceanie.fr\/wp-content\/uploads\/2024\/03\/e8dd3000-03ba-46e5-9ff7-fc55856af618-768x1024.jpeg 768w, https:\/\/retourenoceanie.fr\/wp-content\/uploads\/2024\/03\/e8dd3000-03ba-46e5-9ff7-fc55856af618-225x300.jpeg 225w, https:\/\/retourenoceanie.fr\/wp-content\/uploads\/2024\/03\/e8dd3000-03ba-46e5-9ff7-fc55856af618-1152x1536.jpeg 1152w, https:\/\/retourenoceanie.fr\/wp-content\/uploads\/2024\/03\/e8dd3000-03ba-46e5-9ff7-fc55856af618.jpeg 1200w\" sizes=\"auto, (max-width: 767px) 89vw, (max-width: 1000px) 54vw, (max-width: 1071px) 543px, 580px\" \/><\/figure>\n<\/div>","protected":false},"excerpt":{"rendered":"<p>Le 13 F\u00e9vrier 2017 \u00e0 Poum, Le 6 septembre 2018 au Caire, Le 20 Ao\u00fbt 2021 \u00e0 Saint Pierre, Et Aujourd\u2019hui le 28 Mars 2024, jour de ses 3 ans, Malo prend la direction de l\u2019\u00e9cole : Il commence son long parcours d\u2019\u00e9colier \u00e0 la French Australian Pr\u00e9 school, sa ma\u00eetresse s\u2019appelle Marie-Helene.<\/p>\n","protected":false},"author":1,"featured_media":0,"comment_status":"open","ping_status":"open","sticky":false,"template":"","format":"standard","meta":{"footnotes":""},"categories":[1],"tags":[],"class_list":["post-1292","post","type-post","status-publish","format-standard","hentry","category-non-classe"],"_links":{"self":[{"href":"https:\/\/retourenoceanie.fr\/index.php\/wp-json\/wp\/v2\/posts\/1292","targetHints":{"allow":["GET"]}}],"collection":[{"href":"https:\/\/retourenoceanie.fr\/index.php\/wp-json\/wp\/v2\/posts"}],"about":[{"href":"https:\/\/retourenoceanie.fr\/index.php\/wp-json\/wp\/v2\/types\/post"}],"author":[{"embeddable":true,"href":"https:\/\/retourenoceanie.fr\/index.php\/wp-json\/wp\/v2\/users\/1"}],"replies":[{"embeddable":true,"href":"https:\/\/retourenoceanie.fr\/index.php\/wp-json\/wp\/v2\/comments?post=1292"}],"version-history":[{"count":3,"href":"https:\/\/retourenoceanie.fr\/index.php\/wp-json\/wp\/v2\/posts\/1292\/revisions"}],"predecessor-version":[{"id":1301,"href":"https:\/\/retourenoceanie.fr\/index.php\/wp-json\/wp\/v2\/posts\/1292\/revisions\/1301"}],"wp:attachment":[{"href":"https:\/\/retourenoceanie.fr\/index.php\/wp-json\/wp\/v2\/media?parent=1292"}],"wp:term":[{"taxonomy":"category","embeddable":true,"href":"https:\/\/retourenoceanie.fr\/index.php\/wp-json\/wp\/v2\/categories?post=1292"},{"taxonomy":"post_tag","embeddable":true,"href":"https:\/\/retourenoceanie.fr\/index.php\/wp-json\/wp\/v2\/tags?post=1292"}],"curies":[{"name":"wp","href":"https:\/\/api.w.org\/{rel}","templated":true}]}}